[{"@context":"https:\/\/schema.org\/","@type":"Article","@id":"https:\/\/www.tetom.cz\/zapujceni-auta-v-praze\/#Article","mainEntityOfPage":"https:\/\/www.tetom.cz\/zapujceni-auta-v-praze\/","headline":"Zap\u016fj\u010den\u00ed auta v Praze","name":"Zap\u016fj\u010den\u00ed auta v Praze","description":"Zap\u016fj\u010den\u00ed automobilu nen\u00ed \u017e\u00e1dn\u00e1 komplikovan\u00e1 v\u011bc. Tedy, pokud si vyberete spr\u00e1vnou autop\u016fj\u010dovnu, kter\u00e1 je spolehliv\u00e1 a profesion\u00e1ln\u00ed. Autop\u016fj\u010dovna v Praze Autopujcovna-milan.cz, o kter\u00e9 jsou tyto \u0159\u00e1dky, nen\u00ed v hlavn\u00edm m\u011bst\u011b samoz\u0159ejm\u011b jedin\u00e1. Ale doporu\u010duji se&hellip;","datePublished":"2022-03-24","dateModified":"2023-05-07","author":{"@type":"Person","@id":"https:\/\/www.tetom.cz\/author\/#Person","name":"","url":"https:\/\/www.tetom.cz\/author\/","identifier":1,"image":{"@type":"ImageObject","@id":"https:\/\/secure.gravatar.com\/avatar\/091b4d684e9af597ec9885a078917281e353fb1084ff05c94355123dbb14e899?s=96&d=mm&r=g","url":"https:\/\/secure.gravatar.com\/avatar\/091b4d684e9af597ec9885a078917281e353fb1084ff05c94355123dbb14e899?s=96&d=mm&r=g","height":96,"width":96}},"publisher":{"@type":"Organization","name":"tetom.cz","logo":{"@type":"ImageObject","@id":"\/logo.png","url":"\/logo.png","width":600,"height":60}},"image":{"@type":"ImageObject","@id":"https:\/\/www.tetom.cz\/wp-content\/uploads\/mazda%20interier_3.jpg","url":"https:\/\/www.tetom.cz\/wp-content\/uploads\/mazda%20interier_3.jpg","height":0,"width":0},"url":"https:\/\/www.tetom.cz\/zapujceni-auta-v-praze\/","about":["Podnik\u00e1n\u00ed"],"wordCount":404,"articleBody":"   Zap\u016fj\u010den\u00ed automobilu nen\u00ed \u017e\u00e1dn\u00e1 komplikovan\u00e1 v\u011bc. Tedy, pokud si vyberete spr\u00e1vnou autop\u016fj\u010dovnu, kter\u00e1 je spolehliv\u00e1 a profesion\u00e1ln\u00ed. Autop\u016fj\u010dovna v Praze Autopujcovna-milan.cz, o kter\u00e9 jsou tyto \u0159\u00e1dky, nen\u00ed v hlavn\u00edm m\u011bst\u011b samoz\u0159ejm\u011b jedin\u00e1. Ale doporu\u010duji se na ni obr\u00e1tit, kdykoliv to budete pot\u0159ebovat.Pro\u010d doporu\u010duji? Proto\u017ee jsem byl s jej\u00edmi slu\u017ebami nav\u00fdsost spokojen\u00fd. A nejen j\u00e1. I dal\u0161\u00edch sedm m\u00fdch kamar\u00e1d\u016f, se kter\u00fdmi jsme se rozhodli pro pr\u00e1zdninovou j\u00edzdu po Evrop\u011b.Objednali jsme si Ford Transit Custom minibus. Jde o automobil modern\u00edho a\u017e lehce futuristick\u00e9ho vzhledu, kter\u00fd je schopen pojmout osm cestuj\u00edc\u00edch plus \u0159idi\u010de. Je rychl\u00fd, pohodln\u00fd a ve sv\u00e9 kategorii mal\u00fdch autobus\u016f \u00fasporn\u00fd. My nevyu\u017eili plnou kapacitu vozu v tom smyslu, \u017ee n\u00e1s bylo o dva cestuj\u00edc\u00ed m\u00e9n\u011b. Jejich m\u00edsto v\u0161ak zaplnily na\u0161e zavazadla, batohy, nabalen\u00e9 na dlouh\u00e9 t\u00fary v Alp\u00e1ch. Krom\u011b t\u011bchto zavazadel jsme m\u011bli norm\u00e1ln\u00ed zavazadla pro cestu, kter\u00e9 jsme ulo\u017eili v zavazadlov\u00e9m prostoru za a pod zadn\u00edmi seda\u010dkami.Auto bylo v dohodnut\u00fd den a stanovenou dobu p\u0159ipraveno k p\u0159evzet\u00ed. Tedy p\u0159esn\u011bji. Automobil mi p\u0159istavili pracovn\u00edci p\u0159\u00edmo do m\u00e9ho bydli\u0161t\u011b. A to zdarma. Po p\u0159edlo\u017een\u00ed v\u0161ech pot\u0159ebn\u00fdch doklad\u016f, sta\u010dila ob\u010danka a \u0159idi\u010dsk\u00fd pr\u016fkaz jsem podepsal smlouvu o zap\u016fj\u010den\u00ed. Jeliko\u017e jsem znal p\u0159esn\u00fd itiner\u00e1\u0159 na\u0161\u00ed pl\u00e1novan\u00e9 cesty, a t\u00edm jsem v\u011bd\u011bl, kdy budeme zp\u00e1tky, zaplatil jsem dop\u0159edu z\u00e1p\u016fj\u010dn\u00e9 za celou dobu. P\u0159ekvapilo mne, \u017ee u takov\u00e9ho modern\u00edho automobilu, p\u016fj\u010den\u00ed auta vy\u0161lo v p\u0159epo\u010dtu jen na necel\u00e9 dv\u011b stovky na cestuj\u00edc\u00edho.Velkou v\u00fdhodou Autop\u016fj\u010dovny Milan, tak se tato firma jmenuje, je, \u017ee si nevyhrazuje povinnost klienta, \u017ee \u0159\u00eddit m\u016f\u017ee pouze ve smlouv\u011b ur\u010den\u00e1 osoba. Nikdy jsem u jin\u00fdch p\u016fj\u010doven tuto klauzuli nech\u00e1pal a nikdy ji tak\u00e9 nedodr\u017eoval. Nyn\u00ed m\u016f\u017eeme vyrazit na cesty, st\u0159\u00eddat se za volantem podle schopnost\u00ed a \u00fanavy ka\u017ed\u00e9ho z n\u00e1s, ani\u017e bychom m\u011bli v \u00fastech pachu\u0165, \u017ee nedodr\u017eujeme n\u011bkter\u00e1 smluvn\u00ed ujedn\u00e1n\u00ed.                                                                                                                                                                                                                                                                                                                                                                                          4.6\/5 - (12 votes)        "},{"@context":"https:\/\/schema.org\/","@type":"BreadcrumbList","itemListElement":[{"@type":"ListItem","position":1,"name":"Zap\u016fj\u010den\u00ed auta v Praze","item":"https:\/\/www.tetom.cz\/zapujceni-auta-v-praze\/#breadcrumbitem"}]}]