[{"@context":"https:\/\/schema.org\/","@type":"Article","@id":"https:\/\/www.tetom.cz\/zachranny-kruh-pro-vsechny-zapometlive\/#Article","mainEntityOfPage":"https:\/\/www.tetom.cz\/zachranny-kruh-pro-vsechny-zapometlive\/","headline":"Z\u00e1chrann\u00fd kruh pro v\u0161echny zapom\u011btliv\u00e9","name":"Z\u00e1chrann\u00fd kruh pro v\u0161echny zapom\u011btliv\u00e9","description":"Online kv\u011btin\u00e1\u0159stv\u00ed je skv\u011bl\u00fdm \u0159e\u0161en\u00edm pro v\u0161echny osoby, kter\u00e9 a\u017e p\u0159\u00edli\u0161 \u010dasto zapom\u00ednaj\u00ed na d\u016fle\u017eit\u00e9 v\u011bci jako jsou narozeniny a jin\u00e9 v\u00fdznamn\u00e9 p\u0159\u00edle\u017eitosti a jubilea jejich bl\u00edzk\u00fdch, kte\u0159\u00ed pak v onen den marn\u011b https:\/\/www.kosmas.cz\/knihy\/236605\/marne-se-svlekas\/ \u010dekaj\u00ed&hellip;","datePublished":"2017-12-11","dateModified":"2023-05-07","author":{"@type":"Person","@id":"https:\/\/www.tetom.cz\/author\/#Person","name":"","url":"https:\/\/www.tetom.cz\/author\/","identifier":1,"image":{"@type":"ImageObject","@id":"https:\/\/secure.gravatar.com\/avatar\/091b4d684e9af597ec9885a078917281e353fb1084ff05c94355123dbb14e899?s=96&d=mm&r=g","url":"https:\/\/secure.gravatar.com\/avatar\/091b4d684e9af597ec9885a078917281e353fb1084ff05c94355123dbb14e899?s=96&d=mm&r=g","height":96,"width":96}},"publisher":{"@type":"Organization","name":"tetom.cz","logo":{"@type":"ImageObject","@id":"\/logo.png","url":"\/logo.png","width":600,"height":60}},"image":{"@type":"ImageObject","@id":"https:\/\/www.tetom.cz\/wp-content\/uploads\/img_a306516_w2432_t1517831250.jpg","url":"https:\/\/www.tetom.cz\/wp-content\/uploads\/img_a306516_w2432_t1517831250.jpg","height":0,"width":0},"url":"https:\/\/www.tetom.cz\/zachranny-kruh-pro-vsechny-zapometlive\/","about":["Www"],"wordCount":445,"articleBody":"       Online kv\u011btin\u00e1\u0159stv\u00ed je skv\u011bl\u00fdm \u0159e\u0161en\u00edm pro v\u0161echny osoby, kter\u00e9 a\u017e p\u0159\u00edli\u0161 \u010dasto zapom\u00ednaj\u00ed na d\u016fle\u017eit\u00e9 v\u011bci jako jsou narozeniny a jin\u00e9 v\u00fdznamn\u00e9 p\u0159\u00edle\u017eitosti a jubilea jejich bl\u00edzk\u00fdch, kte\u0159\u00ed pak v onen den marn\u011b  https:\/\/www.kosmas.cz\/knihy\/236605\/marne-se-svlekas\/ \u010dekaj\u00ed na d\u00e1rek a gratulaci, je\u017e nep\u0159ich\u00e1z\u00ed. Tedy, abychom byli p\u0159esn\u00ed, ve skute\u010dnosti se jedn\u00e1 o skv\u011bl\u00e9 \u0159e\u0161en\u00ed pro v\u0161echny lidi, kte\u0159\u00ed pot\u0159ebuj\u00ed rychle a pohodln\u011b vy\u0159e\u0161it d\u00e1rek, kter\u00fd by m\u011bli n\u011bkomu v\u011bnovat, nicm\u00e9n\u011b ti, kte\u0159\u00ed \u010dasto zapom\u00ednaj\u00ed takovou mo\u017enost jist\u011b ocen\u00ed dvojn\u00e1sobn\u011b. No jen si p\u0159edstavte, jak to \u010dasto chod\u00ed. Sed\u00edte spokojen\u011b v kancel\u00e1\u0159i anebo v d\u00edln\u011b a pracujete na sv\u00fdch \u00fakolech, kdy\u017e v tom najednou zjist\u00edte, \u017ee jste n\u00e1hodou zapomn\u011bli oto\u010dit kalend\u00e1\u0159 a co se nestane, na n\u00e1sleduj\u00edc\u00ed stran\u011b m\u00e1te tu\u010dn\u011b vyzna\u010deno, \u017ee va\u0161e bl\u00edzk\u00e1 osoba zrovna v dan\u00fd den slav\u00ed narozeniny. Tak tomu se opravdu \u0159\u00edk\u00e1 mal\u00e9r, kter\u00fd v\u00e1m nikdo nebude z\u00e1vid\u011bt, t\u00edm sp\u00ed\u0161e, pokud jste zapomn\u011bli na n\u011bjakou \u017eenu, kter\u00e9 jsou obecn\u011b velmi vztahova\u010dn\u00e9 a podobn\u00e9 p\u0159e\u0161lapy si berou k srdci a to tak, \u017ee s v\u00e1mi pak t\u0159eba dlouho nemluv\u00ed, a naopak v\u0161em okolo sd\u00edln\u011b sd\u011bl\u00ed, co jste ud\u011blali. A jak je zn\u00e1mo, tak ka\u017edou \u017eenu ze v\u0161eho nejv\u00edce pot\u011b\u0161\u00ed kv\u011btina. Ov\u0161em pokud jste se zrovna ocitli v situaci, kdy m\u00e1te co napravovat, tak nes\u00e1zejte pouze na jedinou kv\u011btinu, ale objednejte jich rovnou plnou n\u00e1ru\u010d, proto\u017ee \u010d\u00edm v\u00edce jich na danou opomenutou adresu doru\u010d\u00edte, t\u00edm l\u00e9pe pro v\u00e1s. Jedna kv\u011btina nic nezachr\u00e1n\u00ed, ale pln\u00e1 n\u00e1ru\u010d kv\u011bt\u016f u\u017e by s ledy pohnout mohla. Prost\u011b vezm\u011bte na v\u011bdom\u00ed, \u017ee dokud danou \u017eenu nezasypete kv\u011btinami, tak ji nep\u0159esv\u011bd\u010d\u00edte, \u017ee v\u00e1m na n\u00ed z\u00e1le\u017e\u00ed. Ov\u0161em pokud je je\u0161t\u011b r\u00e1no onoho v\u00fdznamn\u00e9ho dne a nen\u00ed je\u0161t\u011b ani zdaleka po term\u00ednu, tak m\u00e1te st\u00e1le mnoho \u010dasu na to se bl\u00fdsknout. Tak\u017ee v\u00e1m posta\u010d\u00ed klidn\u011b i jedna jedin\u00e1 velk\u00e1 kytice, kterou nech\u00e1te doru\u010dit na vybranou adresu s pomoc\u00ed rychl\u00e9ho kur\u00fdra. A je to snadn\u00e9 \u2013 b\u011bhem p\u00e1r minut kv\u011btiny objedn\u00e1te a b\u011bhem n\u011bkolika hodin budou na m\u00edst\u011b.                                                                                                                                                                                                                                                                                                                                                                                           4.2\/5 - (5 votes)        "},{"@context":"https:\/\/schema.org\/","@type":"BreadcrumbList","itemListElement":[{"@type":"ListItem","position":1,"name":"Z\u00e1chrann\u00fd kruh pro v\u0161echny zapom\u011btliv\u00e9","item":"https:\/\/www.tetom.cz\/zachranny-kruh-pro-vsechny-zapometlive\/#breadcrumbitem"}]}]