[{"@context":"https:\/\/schema.org\/","@type":"Article","@id":"https:\/\/www.tetom.cz\/veritel-bude-odchazet-s-prazdnou\/#Article","mainEntityOfPage":"https:\/\/www.tetom.cz\/veritel-bude-odchazet-s-prazdnou\/","headline":"V\u011b\u0159itel bude odch\u00e1zet s pr\u00e1zdnou","name":"V\u011b\u0159itel bude odch\u00e1zet s pr\u00e1zdnou","description":"Sv\u011b\u0159eneck\u00fd fond bude vhodn\u00e9 vyu\u017e\u00edt, pokud chcete m\u00edt jistotu, \u017ee ka\u017ed\u00fd V\u00e1\u0161 v\u011b\u0159itel bude odch\u00e1zet s pr\u00e1zdnou. V\u00e1\u0161 majetek bude nedosa\u017eiteln\u00fd pro exekutory, v\u011b\u0159itele a dal\u0161\u00ed osoby, kter\u00e9 po n\u011bm prost\u011b jednoho dne zatou\u017e\u00ed. Za\u010dn\u011bte&hellip;","datePublished":"2025-09-01","dateModified":"2025-09-01","author":{"@type":"Person","@id":"https:\/\/www.tetom.cz\/author\/#Person","name":"","url":"https:\/\/www.tetom.cz\/author\/","identifier":1,"image":{"@type":"ImageObject","@id":"https:\/\/secure.gravatar.com\/avatar\/091b4d684e9af597ec9885a078917281e353fb1084ff05c94355123dbb14e899?s=96&d=mm&r=g","url":"https:\/\/secure.gravatar.com\/avatar\/091b4d684e9af597ec9885a078917281e353fb1084ff05c94355123dbb14e899?s=96&d=mm&r=g","height":96,"width":96}},"publisher":{"@type":"Organization","name":"tetom.cz","logo":{"@type":"ImageObject","@id":"\/logo.png","url":"\/logo.png","width":600,"height":60}},"url":"https:\/\/www.tetom.cz\/veritel-bude-odchazet-s-prazdnou\/","wordCount":221,"articleBody":"Sv\u011b\u0159eneck\u00fd fond bude vhodn\u00e9 vyu\u017e\u00edt, pokud chcete m\u00edt jistotu, \u017ee ka\u017ed\u00fd V\u00e1\u0161 v\u011b\u0159itel bude odch\u00e1zet s pr\u00e1zdnou. V\u00e1\u0161 majetek bude nedosa\u017eiteln\u00fd pro exekutory, v\u011b\u0159itele a dal\u0161\u00ed osoby, kter\u00e9 po n\u011bm prost\u011b jednoho dne zatou\u017e\u00ed. Za\u010dn\u011bte doopravdy velmi \u00fa\u010deln\u011b chr\u00e1nit V\u00e1\u0161 majetek, kter\u00fd bylo slo\u017eit\u00e9 z\u00edskat. Nechcete o n\u011bho p\u0159ece zase p\u0159ij\u00edt? Pokud si mysl\u00edte, \u017ee to bude slo\u017eit\u00fd proces, kter\u00fd bude velmi n\u00e1ro\u010dn\u00fd, tak se pletete. Odborn\u00edci na danou problematiku v\u0161e zvl\u00e1dnou bez n\u011bjak\u00fdch v\u011bt\u0161\u00edch probl\u00e9m\u016f a za pom\u011brn\u011b kr\u00e1tkou dobu. Anonymita vlastnictv\u00ed je ji\u017e mo\u017en\u00e1 i u n\u00e1s Sv\u011b\u0159eneck\u00fd fond V\u00e1m zajist\u00ed, \u017ee o Va\u0161em majetku nebude v\u016fbec nikdo v\u011bd\u011bt. Domn\u00edv\u00e1te se, \u017ee to u n\u00e1s nen\u00ed doposud mo\u017en\u00e9? \u017de se jedn\u00e1 zcela ur\u010dit\u011b zase o n\u011bjak\u00fd ne moc dobr\u00fd vtip? Velmi se pletete. Dne\u0161n\u00ed doba p\u0159eje v\u0161em odv\u00e1\u017en\u00fdm, kte\u0159\u00ed se ob\u010das neboj\u00ed zariskovat a vyu\u017e\u00edt v\u0161e, co se jim nab\u00edz\u00ed. Za\u0159a\u010fte se i Vy mezi spokojen\u00e9 podnikatele, kte\u0159\u00ed maxim\u00e1ln\u011b vyu\u017e\u00edvaj\u00ed v\u0161e, co je v na\u0161\u00ed republice mo\u017en\u00e9.                                                                                                                                                                                                                                                                                                                                                                                                "},{"@context":"https:\/\/schema.org\/","@type":"BreadcrumbList","itemListElement":[{"@type":"ListItem","position":1,"name":"V\u011b\u0159itel bude odch\u00e1zet s pr\u00e1zdnou","item":"https:\/\/www.tetom.cz\/veritel-bude-odchazet-s-prazdnou\/#breadcrumbitem"}]}]