[{"@context":"https:\/\/schema.org\/","@type":"Article","@id":"https:\/\/www.tetom.cz\/pet-rimskych-zastaveni\/#Article","mainEntityOfPage":"https:\/\/www.tetom.cz\/pet-rimskych-zastaveni\/","headline":"P\u011bt \u0159\u00edmsk\u00fdch zastaven\u00ed","name":"P\u011bt \u0159\u00edmsk\u00fdch zastaven\u00ed","description":"Font\u00e1na Di Trevib\u00fdv\u00e1 p\u0159i n\u00e1v\u0161t\u011bv\u011b \u0158\u00edma prvn\u00edm c\u00edlem. Pam\u00e1tka je hojn\u011b nav\u0161t\u011bvov\u00e1na, tak\u017ee v\u00e1s k n\u00ed zavede proud turist\u016f. Stala se sv\u011btozn\u00e1mou legendou, podle kter\u00e9 si ka\u017ed\u00fd cizinec zajist\u00ed n\u00e1vrat do v\u011b\u010dn\u00e9ho m\u011bsta, pokud ochutn\u00e1&hellip;","datePublished":"2019-11-27","dateModified":"2023-05-07","author":{"@type":"Person","@id":"https:\/\/www.tetom.cz\/author\/#Person","name":"","url":"https:\/\/www.tetom.cz\/author\/","identifier":1,"image":{"@type":"ImageObject","@id":"https:\/\/secure.gravatar.com\/avatar\/091b4d684e9af597ec9885a078917281e353fb1084ff05c94355123dbb14e899?s=96&d=mm&r=g","url":"https:\/\/secure.gravatar.com\/avatar\/091b4d684e9af597ec9885a078917281e353fb1084ff05c94355123dbb14e899?s=96&d=mm&r=g","height":96,"width":96}},"publisher":{"@type":"Organization","name":"tetom.cz","logo":{"@type":"ImageObject","@id":"\/logo.png","url":"\/logo.png","width":600,"height":60}},"image":{"@type":"ImageObject","@id":"https:\/\/www.tetom.cz\/wp-content\/uploads\/img_a362178_w2982_t1575124838.jpg","url":"https:\/\/www.tetom.cz\/wp-content\/uploads\/img_a362178_w2982_t1575124838.jpg","height":0,"width":0},"url":"https:\/\/www.tetom.cz\/pet-rimskych-zastaveni\/","about":["Dovolen\u00e1"],"wordCount":432,"articleBody":"Font\u00e1na Di Trevib\u00fdv\u00e1 p\u0159i n\u00e1v\u0161t\u011bv\u011b \u0158\u00edma prvn\u00edm c\u00edlem. Pam\u00e1tka je hojn\u011b nav\u0161t\u011bvov\u00e1na, tak\u017ee v\u00e1s k n\u00ed zavede proud turist\u016f. Stala se sv\u011btozn\u00e1mou legendou, podle kter\u00e9 si ka\u017ed\u00fd cizinec zajist\u00ed n\u00e1vrat do v\u011b\u010dn\u00e9ho m\u011bsta, pokud ochutn\u00e1 vodu z jej\u00edho pramene. Anebo vhod\u00ed-li do font\u00e1ny minci. Co\u017e v\u0161ichni n\u00e1v\u0161t\u011bvn\u00edci dodr\u017euj\u00ed. Font\u00e1na Di Trevi byla vybudov\u00e1na v roce 1735 a dodnes pln\u00ed svoji funkci.&#13; &#13; \u0160pan\u011blsk\u00e9 schody, kter\u00e9 jsou zn\u00e1m\u00e9 rovn\u011b\u017e jako And\u011blsk\u00e9 schody, pat\u0159\u00ed mezi obl\u00edben\u00e9 zast\u00e1vky p\u0159i prohl\u00eddce m\u011bsta. Spad\u00e1 mezi nejstar\u0161\u00ed schodi\u0161t\u011b sv\u00e9ho druhu v Evrop\u011b. Za souhlasu pape\u017ee byly zbudov\u00e1ny v letech 1723 \u2013 1726. Ka\u017edoro\u010dn\u011b se na nich konaj\u00ed kulturn\u00ed akce \u010di m\u00f3dn\u00ed p\u0159ehl\u00eddky. \u0160pan\u011blsk\u00e9 schody jsou obl\u00edben\u00fdm m\u00edstem pro setk\u00e1v\u00e1n\u00ed p\u0159\u00e1tel a milenc\u016f.&#13; &#13; Koloseumje nejimpozantn\u011bj\u0161\u00ed pam\u00e1tkou \u0158\u00edma. Proto si jeho n\u00e1v\u0161t\u011bvu ur\u010dit\u011b nenechejte uj\u00edt. Vyhra\u010fte si na ni alespo\u0148 p\u016flden. Stavebn\u00ed pr\u00e1ce na v\u00fdstavb\u011b Kolosea byly zapo\u010daty v roce 72 a v roce 80 bylo dostav\u011bno. Ihned po otev\u0159en\u00ed se v n\u011bm konaly inaugura\u010dn\u00ed hry, kter\u00e9 trvaly 100 dn\u00ed. Koloseum pojalo a\u017e sedmdes\u00e1t tis\u00edc div\u00e1k\u016f. V sou\u010dasn\u00e9 dob\u011b pat\u0159\u00ed mezi nejn\u00e1kladn\u011bj\u0161\u00ed pam\u00e1tku v cel\u00e9 It\u00e1lii.&#13; And\u011blsk\u00fd mosttvo\u0159\u00ed spojnici obou b\u0159ehu \u0159eky Tibery. Umo\u017e\u0148uje tak p\u0159echod z m\u011bsta \u0158\u00edm do Vatik\u00e1nu. Most byl zbudov\u00e1n v roce 134. V roce 1667 byly zdi mostu nahrazeny balustr\u00e1dou a ozdobeny deseti sochami and\u011bl\u016f s pa\u0161ijov\u00fdmi symboly. Ty z mostu u\u010dinily obdobu k\u0159\u00ed\u017eov\u00e9 cesty. Prvn\u00ed kroky po jeho zdol\u00e1n\u00ed v\u00e1s zavedou do And\u011blsk\u00e9ho hradu, ve kter\u00e9m je v sou\u010dasnosti muzeum, v\u011bnovan\u00e9 historii budovy a m\u011bsta. &#13; Vatik\u00e1nv\u00e1s p\u0159iv\u00edt\u00e1 velkolep\u00fdm Svatopetrsk\u00fdm n\u00e1m\u011bst\u00edm, jeho\u017e rozloha ho \u0159ad\u00ed mezi nejv\u011bt\u0161\u00ed v cel\u00e9 Evrop\u011b. Vznikl v roce 1929 a jeho \u00fazem\u00ed je z v\u011bt\u0161\u00ed \u010d\u00e1sti obehn\u00e1no hradbou. Vatik\u00e1n tvo\u0159\u00ed hlavn\u011b zahrady a kostely. P\u0159i jeho prohl\u00eddce je mo\u017en\u00e9 nav\u0161t\u00edvit i sv\u011btozn\u00e1mou Sixtinskou kapli, kterou malbami vyzdobil zn\u00e1m\u00fd mal\u00ed\u0159 Michelangelo. Ve Vatik\u00e1nu jsou k vid\u011bn\u00ed tis\u00edce historick\u00fdch um\u011bleck\u00fdch d\u011bl. Na jeho prohl\u00eddku si vyhra\u010fte rad\u011bji cel\u00fd den.&#13;                                                                                                                                                                                                                                                                                                                                                                                        4.7\/5 - (9 votes)        "},{"@context":"https:\/\/schema.org\/","@type":"BreadcrumbList","itemListElement":[{"@type":"ListItem","position":1,"name":"P\u011bt \u0159\u00edmsk\u00fdch zastaven\u00ed","item":"https:\/\/www.tetom.cz\/pet-rimskych-zastaveni\/#breadcrumbitem"}]}]