[{"@context":"https:\/\/schema.org\/","@type":"Article","@id":"https:\/\/www.tetom.cz\/netradicni-svatby-na-horach\/#Article","mainEntityOfPage":"https:\/\/www.tetom.cz\/netradicni-svatby-na-horach\/","headline":"Netradi\u010dn\u00ed svatby na hor\u00e1ch","name":"Netradi\u010dn\u00ed svatby na hor\u00e1ch","description":"Trp\u00edte d\u00fdchac\u00edmi pot\u00ed\u017eemi? Pak mus\u00edte p\u0159ijet na \u010derstv\u00fd vzduch. P\u0159ije\u010fte k n\u00e1m do Jesen\u00edk\u016f do horsk\u00e9ho hotelu Kurzovn\u00ed. Le\u017e\u00ed uprost\u0159ed n\u00e1rodn\u00ed p\u0159\u00edrodn\u00ed rezervace Prad\u011bd v chr\u00e1n\u011bn\u00e9 krajinn\u00e9 oblasti Jesen\u00edky. U n\u00e1s je\u0161t\u011b m\u016f\u017eete d\u00fdchat \u010derstv\u00fd&hellip;","datePublished":"2025-04-24","dateModified":"2025-04-24","author":{"@type":"Person","@id":"https:\/\/www.tetom.cz\/author\/#Person","name":"","url":"https:\/\/www.tetom.cz\/author\/","identifier":1,"image":{"@type":"ImageObject","@id":"https:\/\/secure.gravatar.com\/avatar\/091b4d684e9af597ec9885a078917281e353fb1084ff05c94355123dbb14e899?s=96&d=mm&r=g","url":"https:\/\/secure.gravatar.com\/avatar\/091b4d684e9af597ec9885a078917281e353fb1084ff05c94355123dbb14e899?s=96&d=mm&r=g","height":96,"width":96}},"publisher":{"@type":"Organization","name":"tetom.cz","logo":{"@type":"ImageObject","@id":"\/logo.png","url":"\/logo.png","width":600,"height":60}},"url":"https:\/\/www.tetom.cz\/netradicni-svatby-na-horach\/","wordCount":197,"articleBody":"Trp\u00edte d\u00fdchac\u00edmi pot\u00ed\u017eemi? Pak mus\u00edte p\u0159ijet na \u010derstv\u00fd vzduch. P\u0159ije\u010fte k n\u00e1m do Jesen\u00edk\u016f do horsk\u00e9ho hotelu Kurzovn\u00ed. Le\u017e\u00ed uprost\u0159ed n\u00e1rodn\u00ed p\u0159\u00edrodn\u00ed rezervace Prad\u011bd v chr\u00e1n\u011bn\u00e9 krajinn\u00e9 oblasti Jesen\u00edky. U n\u00e1s je\u0161t\u011b m\u016f\u017eete d\u00fdchat \u010derstv\u00fd vzduch, pobyt u n\u00e1s v\u00e1m jenom prosp\u011bje. Proto nev\u00e1hejte a zav\u00edtejte do Jesen\u00edk\u016f. Ubytov\u00e1n\u00ed Prad\u011bd mus\u00edte m\u00edt. Byli jste u\u017e na Prad\u011bdu? Pokud ne, zveme v\u00e1s k n\u00e1m do sporthotelu Kurzovn\u00ed v Jesen\u00edk\u00e1ch. Prad\u011bd je nejvy\u0161\u0161\u00ed horou nejen Jesen\u00edk\u016f, ale i na cel\u00e9 Morav\u011b. Budete m\u00edt mo\u017enost podniknout i \u0159adu v\u00fdlet\u016f do okol\u00ed. Nav\u0161tivte t\u0159eba Vrbno pod Prad\u011bdem nebo l\u00e1ze\u0148sk\u00e1 m\u011bsta Jesen\u00edk nebo Karlova Stud\u00e1nka. Od n\u00e1s budete odj\u00ed\u017ed\u011bt spokojeni. Ubytov\u00e1n\u00ed Prad\u011bd= skv\u011bl\u00e1 dovolen\u00e1. V\u00fdlety V Jesen\u00edk\u00e1ch m\u016f\u017eete nav\u0161t\u00edvit \u0159adu kr\u00e1sn\u00fdch m\u00edst. Ubytov\u00e1n\u00ed Prad\u011bd je pro v\u00e1s. b&gt;= to nejlep\u0161\u00ed pro v\u00e1s.                                                                                                                                                                                                                                                                                                                                                                                                "},{"@context":"https:\/\/schema.org\/","@type":"BreadcrumbList","itemListElement":[{"@type":"ListItem","position":1,"name":"Netradi\u010dn\u00ed svatby na hor\u00e1ch","item":"https:\/\/www.tetom.cz\/netradicni-svatby-na-horach\/#breadcrumbitem"}]}]