[{"@context":"https:\/\/schema.org\/","@type":"Article","@id":"https:\/\/www.tetom.cz\/kdyz-si-zaslouzite-odskodneni\/#Article","mainEntityOfPage":"https:\/\/www.tetom.cz\/kdyz-si-zaslouzite-odskodneni\/","headline":"Kdy\u017e si zaslou\u017e\u00edte od\u0161kodn\u011bn\u00ed","name":"Kdy\u017e si zaslou\u017e\u00edte od\u0161kodn\u011bn\u00ed","description":"Jsou situace, kdy \u010dlov\u011bk v\u016fl\u00ed osudu nebo n\u011b\u010deho \u010di n\u011bkoho jin\u00e9ho dozn\u00e1 \u00fajmy na sv\u00e9m zdrav\u00ed, p\u0159\u00edpadn\u011b i je\u0161t\u011b n\u011b\u010deho hor\u0161\u00edho. A nejednou ho m\u016f\u017ee v takov\u00e9 neradostn\u00e9 chv\u00edli t\u011b\u0161it alespo\u0148 to, \u017ee m\u00e1 n\u00e1rok&hellip;","datePublished":"2019-04-01","dateModified":"2023-05-07","author":{"@type":"Person","@id":"https:\/\/www.tetom.cz\/author\/#Person","name":"","url":"https:\/\/www.tetom.cz\/author\/","identifier":1,"image":{"@type":"ImageObject","@id":"https:\/\/secure.gravatar.com\/avatar\/091b4d684e9af597ec9885a078917281e353fb1084ff05c94355123dbb14e899?s=96&d=mm&r=g","url":"https:\/\/secure.gravatar.com\/avatar\/091b4d684e9af597ec9885a078917281e353fb1084ff05c94355123dbb14e899?s=96&d=mm&r=g","height":96,"width":96}},"publisher":{"@type":"Organization","name":"tetom.cz","logo":{"@type":"ImageObject","@id":"\/logo.png","url":"\/logo.png","width":600,"height":60}},"image":{"@type":"ImageObject","@id":"https:\/\/www.tetom.cz\/wp-content\/uploads\/img_a345555_w2600_t1559206715.jpg","url":"https:\/\/www.tetom.cz\/wp-content\/uploads\/img_a345555_w2600_t1559206715.jpg","height":0,"width":0},"url":"https:\/\/www.tetom.cz\/kdyz-si-zaslouzite-odskodneni\/","about":["Pen\u00edze"],"wordCount":472,"articleBody":"           Jsou situace, kdy \u010dlov\u011bk v\u016fl\u00ed osudu nebo n\u011b\u010deho \u010di n\u011bkoho jin\u00e9ho dozn\u00e1 \u00fajmy na sv\u00e9m zdrav\u00ed, p\u0159\u00edpadn\u011b i je\u0161t\u011b n\u011b\u010deho hor\u0161\u00edho. A nejednou ho m\u016f\u017ee v takov\u00e9 neradostn\u00e9 chv\u00edli t\u011b\u0161it alespo\u0148 to, \u017ee m\u00e1 n\u00e1rok na n\u00e1le\u017eit\u00e9 od\u0161kodn\u011bn\u00ed. Na n\u011bkter\u00fdch m\u00edstech a v n\u011bkter\u00fdch situac\u00edch to tak chod\u00ed.Jen\u017ee nikdo na sv\u011bt\u011b nev\u00ed v\u0161e, a proto by se mohlo hrav\u011b st\u00e1t, \u017ee \u201aby se mohlo na n\u011bkoho n\u011bjak\u00fdm nedopat\u0159en\u00edm zapomenout\u2018 nebo by se mu nemuselo dostat v\u0161eho, na co m\u00e1 n\u00e1rok. Proto\u017ee pokud o tom posti\u017een\u00fd nev\u00ed, pak mu to ten, kdo m\u00e1 platit, sotva bude p\u0159ipom\u00ednat. Byl by p\u0159ece s\u00e1m proti sob\u011b.A m\u016f\u017eeme tak b\u00fdt r\u00e1di, \u017ee se mezi n\u00e1mi vyskytuj\u00ed i tac\u00ed, kte\u0159\u00ed proti bran\u00ed ob\u011bt\u00ed na h\u016fl bojuj\u00ed, se\u010d jim s\u00edly sta\u010d\u00ed. Odborn\u011b a psychosoci\u00e1ln\u011b rad\u00ed a poskytuj\u00ed pr\u00e1vn\u00ed pomoc v r\u00e1mci cel\u00e9ho na\u0161eho st\u00e1tu a kladou si za c\u00edl p\u0159edev\u0161\u00edm to, aby: se dostalo podpory a pomoci t\u011bm, kdo byli po\u0161kozeni dopravn\u00ed nehodou \u010di pracovn\u00edm nebo jin\u00fdm \u00farazem, aby se jim dostalo nejen adekv\u00e1tn\u00ed n\u00e1hrady \u0161kody, ale i psychick\u00e9 opory v \u017eivotn\u00ed situaci vyvolan\u00e9 \u010di zt\u00ed\u017een\u00e9 takovouto \u017eivotn\u00ed ud\u00e1lost\u00ed,  byla ve\u0159ejnost preventivn\u011b informov\u00e1na o sv\u00fdch pr\u00e1vech a mo\u017enostech, a to jak v situac\u00edch, kdy je n\u011bkdo ob\u011bt\u00ed, tak i tehdy, je-li ten kter\u00fd \u010dlov\u011bk pova\u017eov\u00e1n za \u00fadajn\u00e9ho vin\u00edka,  dodali v\u0161em po\u0161kozen\u00fdm odvahu bojovat za sv\u00e1 pr\u00e1va a nenechat se zastra\u0161it, a\u0165 u\u017e by se o to pokou\u0161el kdokoliv,  se rozv\u00edjela spolupr\u00e1ce organizac\u00ed a instituc\u00ed zab\u00fdvaj\u00edc\u00edch se touto problematikou pro blaho v\u0161ech, jim\u017e je ubli\u017eov\u00e1no,  se da\u0159ilo probl\u00e9m\u016fm p\u0159edch\u00e1zet u\u017e preventivn\u011b a n\u00e1sledn\u011b se zm\u00edr\u0148ovaly jejich dopady,  se ve spolupr\u00e1ci s renomovan\u00fdmi advok\u00e1ty a soudn\u00edmi znalci pomohlo v\u0161em, jejich\u017e n\u00e1roky nejsou akceptov\u00e1ny. Proto\u017ee bodov\u00e9 hodnocen\u00ed \u00fajmy na zdrav\u00ed je\u0161t\u011b neznamen\u00e1, \u017ee se dostane \u010dlov\u011bku toho, na co m\u00e1 n\u00e1rok, tabulky v\u0161e nevy\u0159e\u0161\u00ed. A v\u011bt\u0161ina norm\u00e1ln\u00edch lid\u00ed nem\u00e1 ani potuchy o tom, na co v\u0161echno maj\u00ed n\u00e1rok ve chv\u00edli, kdy se jim mo\u017en\u00e1 i obr\u00e1til \u017eivot narubyPomoci u\u017e se tu dostalo stovk\u00e1m po\u0161kozen\u00fdch a konzultace zdarma se tu nab\u00edzej\u00ed i nad\u00e1le. Aby nikdo nestr\u00e1dal v\u00edce, ne\u017e nezbytn\u011b mus\u00ed.                                                                                                                                                                                                                                                                                                                                                                                         5\/5 - (1 vote)        "},{"@context":"https:\/\/schema.org\/","@type":"BreadcrumbList","itemListElement":[{"@type":"ListItem","position":1,"name":"Kdy\u017e si zaslou\u017e\u00edte od\u0161kodn\u011bn\u00ed","item":"https:\/\/www.tetom.cz\/kdyz-si-zaslouzite-odskodneni\/#breadcrumbitem"}]}]