[{"@context":"https:\/\/schema.org\/","@type":"Article","@id":"https:\/\/www.tetom.cz\/kde-se-fenix-vzal\/#Article","mainEntityOfPage":"https:\/\/www.tetom.cz\/kde-se-fenix-vzal\/","headline":"Kde se F\u00e9nix vzal?","name":"Kde se F\u00e9nix vzal?","description":"Jsou zv\u00ed\u0159ata, kter\u00e1 se vyskytuj\u00ed pouze v n\u011bkter\u00fdch \u010d\u00e1stech sv\u011bta. Nap\u0159\u00edklad ledn\u00ed medv\u011bd. Pak jsou ta, kter\u00e1 potk\u00e1me t\u00e9m\u011b\u0159 na ka\u017ed\u00e9m kroku. T\u00edm je t\u0159eba holub, kter\u00fd ob\u00fdv\u00e1 snad v\u0161echna n\u00e1m\u011bst\u00ed na cel\u00e9m sv\u011bt\u011b. Je&hellip;","datePublished":"2023-05-07","dateModified":"2023-05-07","author":{"@type":"Person","@id":"https:\/\/www.tetom.cz\/author\/#Person","name":"","url":"https:\/\/www.tetom.cz\/author\/","identifier":1,"image":{"@type":"ImageObject","@id":"https:\/\/secure.gravatar.com\/avatar\/091b4d684e9af597ec9885a078917281e353fb1084ff05c94355123dbb14e899?s=96&d=mm&r=g","url":"https:\/\/secure.gravatar.com\/avatar\/091b4d684e9af597ec9885a078917281e353fb1084ff05c94355123dbb14e899?s=96&d=mm&r=g","height":96,"width":96}},"publisher":{"@type":"Organization","name":"tetom.cz","logo":{"@type":"ImageObject","@id":"\/logo.png","url":"\/logo.png","width":600,"height":60}},"url":"https:\/\/www.tetom.cz\/kde-se-fenix-vzal\/","wordCount":436,"articleBody":"Jsou zv\u00ed\u0159ata, kter\u00e1 se vyskytuj\u00ed pouze v n\u011bkter\u00fdch \u010d\u00e1stech sv\u011bta. Nap\u0159\u00edklad ledn\u00ed medv\u011bd. Pak jsou ta, kter\u00e1 potk\u00e1me t\u00e9m\u011b\u0159 na ka\u017ed\u00e9m kroku. T\u00edm je t\u0159eba holub, kter\u00fd ob\u00fdv\u00e1 snad v\u0161echna n\u00e1m\u011bst\u00ed na cel\u00e9m sv\u011bt\u011b. Je jedno zv\u00ed\u0159e, kter\u00e9 se vyskytuje po cel\u00e9m sv\u011bt\u011b, a p\u0159esto ho neuvid\u00edte. T\u00edm zv\u00ed\u0159etem je b\u00e1jn\u00fd pt\u00e1k F\u00e9nix. Legendy o n\u011bm koluj\u00ed opravdu v\u0161ude.o\u00a0\u00a0 Prvn\u00ed zm\u00ednky poch\u00e1zej\u00ed u\u017e ze star\u00e9ho Egypta a jsou star\u00e9 \u010dty\u0159i tis\u00edce let.V tamn\u00ed kultu\u0159e vypadal jako volavka,kter\u00e1 v ur\u010dit\u00e9 dob\u011b p\u0159il\u00e9t\u00e1 do chr\u00e1mu slune\u010dn\u00edho boha Re. Tam sho\u0159\u00ed a z ohn\u011b se op\u011bt narod\u00ed.o\u00a0\u00a0 To, \u017ee se vyskytuje i v \u0158ecku, by bylo celkem logick\u00e9. Egyptsk\u00e1 a \u0159eck\u00e1 kultura byla v mnoh\u00e9m prov\u00e1z\u00e1na. Jen F\u00e9nixovi ten konec \u0158ekov\u00e9 trochu zp\u0159\u00edjemnili. Tady um\u00edr\u00e1 ve vonn\u00fdch l\u00e1tk\u00e1ch. A jeho podoba m\u00e1 v\u00edce spole\u010dn\u00e9ho s orlem.V obou zem\u00edch je ozdoben zlat\u00fdmi a purpurov\u00fdmi pery.\tZ Egypta a\u017e do JaponskaHistorik\u016fm a ani lovc\u016fm z\u00e1had nen\u00ed jasn\u00e9, jak se F\u00e9nix dostal i do jin\u00fdch, vzd\u00e1len\u00fdch kultur. Sv\u00e9ho b\u00e1jn\u00e9ho pt\u00e1ka m\u00e1 i Japonsko a \u010c\u00edna. V \u010c\u00edn\u011b je jich dokonce v\u00edce. Kdy\u017e p\u0159ijde jejich \u010das, v\u0161ichni se shrom\u00e1\u017ed\u00ed a spole\u010dn\u011b sp\u00e1chaj\u00ed jakousi sebevra\u017edu, aby se mohli znovu zrodit.o\u00a0\u00a0 Kdo m\u00e1 r\u00e1d rusk\u00e9 poh\u00e1dky, jist\u011b mu neu\u0161lo, \u017ee se v nich vyskytuje pt\u00e1k Ohniv\u00e1k, kter\u00fd je pova\u017eov\u00e1n pr\u00e1v\u011b za F\u00e9nixe.o\u00a0\u00a0 Je s podivem, \u017ee se F\u00e9nix dostal a\u017e do Izraele.Tady je tak obrovsk\u00fd, \u017ee dok\u00e1\u017ee zast\u00ednit sv\u00fdmi k\u0159\u00eddly i Slunce.Ve v\u0161ech kultur\u00e1ch a zem\u00edch se od sebe jednotliv\u00ed F\u00e9nixov\u00e9 mali\u010dko odli\u0161uj\u00ed. Jedno maj\u00ed ale na cel\u00e9m sv\u011bt\u011b spole\u010dn\u00e9. Doba, po kterou jsou na zemi, je p\u0159esn\u011b p\u011bt set let. Pak je nutn\u00e1 jejich kompletn\u00ed obnova.Je to pouze touha po nesmrtelnosti, co vedlo lidstvo, aby si tohoto pt\u00e1ka vymyslelo, nebo je v tom n\u011bco docela jin\u00e9ho? Pokud existuje po cel\u00e9m sv\u011bt\u011b, nem\u00e1 nakonec re\u00e1ln\u00fd z\u00e1klad? Kdy se m\u00e1 tedy zavr\u0161it ta perioda, kter\u00e1 se opakuje ka\u017ed\u00fdch p\u011bt set let?                                                                                                                                                                                                                                                                                                                                                                                        4.6\/5 - (8 votes)        "},{"@context":"https:\/\/schema.org\/","@type":"BreadcrumbList","itemListElement":[{"@type":"ListItem","position":1,"name":"Kde se F\u00e9nix vzal?","item":"https:\/\/www.tetom.cz\/kde-se-fenix-vzal\/#breadcrumbitem"}]}]